{"id":824,"date":"2011-02-25T14:24:43","date_gmt":"2011-02-25T13:24:43","guid":{"rendered":"http:\/\/elindra.de\/?p=824"},"modified":"2015-12-31T12:48:54","modified_gmt":"2015-12-31T12:48:54","slug":"gemeinsames-gebet-mit-der-quelle-allen-seins","status":"publish","type":"post","link":"https:\/\/elindra.de\/?p=824","title":{"rendered":"Gemeinsames Gebet mit der Quelle Allen Seins"},"content":{"rendered":"<h2 style=\"text-align: center;\"><em><strong><span style=\"text-decoration: underline;\"><span style=\"color: #000080;\">Gemeinsames Gebet mit der Quelle Allen Seins<\/span><\/span><\/strong><\/em><\/h2>\n<p style=\"text-align: center;\"><span style=\"color: #000080;\"> gechannelt durch Inge<br \/>\n24.02.2011<\/span><\/p>\n<p style=\"text-align: center;\"><span style=\"color: #000080;\">\u2665<\/span><\/p>\n<p style=\"text-align: center;\"><span style=\"color: #000080;\">Oh g\u00f6ttliches Licht, welches du in mir strahlst.<br \/>\nOh g\u00f6ttliches Licht, welches du in mir bist.<br \/>\nGesegnet seist du,<br \/>\ngesegnet f\u00fcr deine Liebe, die du in mich hinein flutest,<br \/>\ngesegnet f\u00fcr deine F\u00fcrsorge, die du mir schenkst Tag f\u00fcr Tag.<br \/>\nOh g\u00f6ttliches hohes Licht gepriesen seist du.<\/span><\/p>\n<p style=\"text-align: center;\"><a href=\"http:\/\/elindra.de\/?p=824\" target=\"_blank\">&#8230; more&#8230;<\/a><\/p>\n<p style=\"text-align: center;\"><!--more--><\/p>\n<p style=\"text-align: center;\"><span style=\"color: #000080;\">Vor langer Zeit sind wir entsprungen aus dem Lichte.<br \/>\nVor langer Zeit kamen wir hervor.<br \/>\nHinaus gezogen sind wir um uns zu erfahren,<br \/>\nhinaus gezogen in die Ebene, in die Weite des Seins,<br \/>\nhinaus gezogen in die Dunkelheit hinein.<br \/>\nUm zu erkennen unser eigenes Licht,<br \/>\num zu erkennen unser eigenes Sein,<\/span><br \/>\n<span style=\"color: #000080;\"> um zu erkennen unsere eigene Gr\u00f6\u00dfe, die in uns ist.<br \/>\nIn dem Licht sind wir geboren<br \/>\nhinaus gezogen in die Dunkelheit.<br \/>\nUm uns zu erfahren in unserer Reinheit,<br \/>\nin unserem Strahlen, in unserem Glanz.<\/span><\/p>\n<p style=\"text-align: center;\"><span style=\"color: #000080;\">In Liebe deine Seele<\/span><\/p>\n<p style=\"text-align: center;\"><span style=\"color: #000080;\">\u2665<\/span><\/p>\n<p style=\"text-align: center;\"><span style=\"color: #000080;\">Dieses ist der Weg der Seele<br \/>\nhinauszugehen um sich zu erfahren.<br \/>\nDazu ist es von N\u00f6ten,<br \/>\ndass man sich erst erf\u00e4hrt,<br \/>\nwie es ist Nichtlicht zu sein,<br \/>\nnicht zu gl\u00e4nzen, nicht zu strahlen.<br \/>\nDenn nur so kann man den Glanz und das Strahlen besser erkennen,<br \/>\nkann man erkennen, wie es ist<br \/>\nzu Strahlen oder auch nicht.<br \/>\nDeshalb m\u00f6chten wir dich bitten<br \/>\nnicht zu bewerten&#8230; hm&#8230;<br \/>\ndie Seelen, die gerade in der Phase sind nicht zu strahlen,<br \/>\num sich zu erkennen, um sich zu erfahren.<br \/>\nDieses ist der Weg der Seelen.<br \/>\nDieses ist das Ziel des gesamten Seins.<\/span><\/p>\n<p style=\"text-align: center;\"><span style=\"color: #000080;\">Der Weg hierf\u00fcr mag dem Menschen lange erscheinen,<br \/>\ndennoch ist es so, dass der Weg f\u00fcr die Seelen ist nur sehr kurz.<br \/>\nAusgezogen aus dem Glanze, der W\u00e4rme des Lichtes<br \/>\nin die Dunkelheit, in die K\u00e4lte hinein.<br \/>\nDies sind alle meine Kinder,<br \/>\ndies sind alle Wesenheiten,<br \/>\nalle Seelen des Lichtes.<br \/>\nUnd bitte erkennt, dass alles was ist<br \/>\ngeboren ist aus dem Lichte heraus.<br \/>\nDass alles gl\u00e4nzt in sich.<br \/>\nAuch, wenn dies nicht nach Au\u00dfen strahlt.<br \/>\nAuch, wenn nach Au\u00dfen das Wesen dunkel erscheint.<br \/>\nSo erkenne, dennoch den Kern in ihm,<br \/>\nden Ausgangspunkt seines g\u00f6ttlichen Seins.<br \/>\nErsprungen ist auch es aus dem Licht,<br \/>\ngeboren aus dem Lichte um Licht zu erfahren.<\/span><\/p>\n<p style=\"text-align: center;\"><span style=\"color: #000080;\">Dieses war euer Ziel.<br \/>\nDieses war euch sehr wichtig,<br \/>\ndenn ihr wolltet eure Grenzen erkennen.<br \/>\nIhr wolltet euch selbst erkennen.<br \/>\nEure F\u00e4higkeiten und wie es ist getrennt zu sein.<br \/>\nGetrennt&#8230; hm&#8230; in Einsamkeit sich zu erfahren.<br \/>\nAber bitte erkennt, dass nun die Zeit ist<br \/>\nall dieses zur\u00fcck zu lassen,<br \/>\nall die Getrenntheit, all die Einsamkeit.<br \/>\nBitte erkennt, dass nun ist die Zeit<br \/>\nsich wieder einzufinden in den Reihen des Lichtes,<br \/>\nsich wieder zu vereinen zu einem gro\u00dfen Sein.<br \/>\nWieder in die Liebe einzutauchen,<br \/>\nwieder hinein zu gehen in den Ursprung eures Seins.<br \/>\nBitte erkennt, dass nun die Zeit ist<br \/>\neuer Licht wieder erstrahlen zu lassen.<br \/>\nEuch zu erkennen in eurem Innersten,<br \/>\nin eurem wahren Sein.<br \/>\nAber nicht nur euch<br \/>\nauch all die anderen m\u00f6chten erkannt werden<br \/>\nund m\u00f6chten wieder Liebe erfahren.<\/span><\/p>\n<p style=\"text-align: center;\"><span style=\"color: #000080;\">Liebe wart euch einst genommen.<br \/>\nLiebe&#8230; hm&#8230; den Liebesentzug habt ihr erfahren<br \/>\num zu erkenne was Liebe ist,<br \/>\num zu erkennen eure eigene Kraft.<br \/>\nEuer eigenes Licht und eure eigenen Liebe,<br \/>\neuch zu erfahren in euch.<\/span><\/p>\n<p style=\"text-align: center;\"><span style=\"color: #000080;\">Wesen der Erde,<br \/>\nihr seid einst ausgezogen.<br \/>\nAusgezogen&#8230; hinaus zu gehen um euch zu erfahren.<br \/>\nUnd ich, die ich die Quelle Allen Seins bin,<br \/>\nbitte euch nun um zukehren,<br \/>\nwieder heimzukehren.<br \/>\nDie Zeit der Trennung, die Zeit der Erfahrung<br \/>\nist nun vorbei.<br \/>\nEs ist wichtig, dass ihr dieses erkennt<br \/>\nin eurem tiefsten innersten Sein,<br \/>\ndass ihr eure Zellen erinnert<br \/>\nan das was ihr seid.<br \/>\nTut dieses stets in euch,<br \/>\nlasst das Licht wieder in euch scheinen,<br \/>\nin eurem ganzen Sein. <\/span><\/p>\n<p style=\"text-align: center;\"><span style=\"color: #000080;\">Seid im Segen und eingeh\u00fcllt von meiner Liebe.<\/span><\/p>\n<p style=\"text-align: center;\"><span style=\"color: #000080;\">Dieses war die<\/span><\/p>\n<p style=\"text-align: center;\"><span style=\"color: #000080;\">Quelle Allen Seins<br \/>\n<\/span><\/p>\n<p style=\"text-align: center;\">\n<p style=\"text-align: center;\">\u00a9 Inge Schmitzberger, 24. Februar 2011 . Es ist erlaubt diesen Text zu verbreiten, solange er vollst\u00e4ndig und unver\u00e4ndert unter dem Namen des Autors, sein Copyright, seine Website: www.elindra.de und der Hinweis mit aufgef\u00fchrt wird.<\/p>\n","protected":false},"excerpt":{"rendered":"<p>Gemeinsames Gebet mit der Quelle Allen Seins gechannelt durch Inge 24.02.2011 \u2665 Oh g\u00f6ttliches Licht, welches du in mir strahlst. Oh g\u00f6ttliches Licht, welches du in mir bist. Gesegnet seist du, gesegnet f\u00fcr deine Liebe, die du in mich hinein flutest, gesegnet f\u00fcr deine F\u00fcrsorge, die du mir schenkst Tag f\u00fcr Tag. Oh g\u00f6ttliches hohes Licht gepriesen seist du. &#8230; more&#8230;<\/p>\n","protected":false},"author":1,"featured_media":0,"comment_status":"closed","ping_status":"open","sticky":false,"template":"","format":"standard","meta":[],"categories":[6],"tags":[42,44,47,46,40,41,45,38,43,39,36],"_links":{"self":[{"href":"https:\/\/elindra.de\/index.php?rest_route=\/wp\/v2\/posts\/824"}],"collection":[{"href":"https:\/\/elindra.de\/index.php?rest_route=\/wp\/v2\/posts"}],"about":[{"href":"https:\/\/elindra.de\/index.php?rest_route=\/wp\/v2\/types\/post"}],"author":[{"embeddable":true,"href":"https:\/\/elindra.de\/index.php?rest_route=\/wp\/v2\/users\/1"}],"replies":[{"embeddable":true,"href":"https:\/\/elindra.de\/index.php?rest_route=%2Fwp%2Fv2%2Fcomments&post=824"}],"version-history":[{"count":15,"href":"https:\/\/elindra.de\/index.php?rest_route=\/wp\/v2\/posts\/824\/revisions"}],"predecessor-version":[{"id":2477,"href":"https:\/\/elindra.de\/index.php?rest_route=\/wp\/v2\/posts\/824\/revisions\/2477"}],"wp:attachment":[{"href":"https:\/\/elindra.de\/index.php?rest_route=%2Fwp%2Fv2%2Fmedia&parent=824"}],"wp:term":[{"taxonomy":"category","embeddable":true,"href":"https:\/\/elindra.de\/index.php?rest_route=%2Fwp%2Fv2%2Fcategories&post=824"},{"taxonomy":"post_tag","embeddable":true,"href":"https:\/\/elindra.de\/index.php?rest_route=%2Fwp%2Fv2%2Ftags&post=824"}],"curies":[{"name":"wp","href":"https:\/\/api.w.org\/{rel}","templated":true}]}}